{"id":8787,"date":"2025-03-11T07:37:19","date_gmt":"2025-03-11T07:37:19","guid":{"rendered":"https:\/\/camperelfstedentocht.nl\/erleben-sie-friesland-im-herbst-mit-der-camperelfstedentocht\/"},"modified":"2025-03-12T07:46:57","modified_gmt":"2025-03-12T07:46:57","slug":"erleben-sie-friesland-im-herbst-mit-der-camperelfstedentocht","status":"publish","type":"post","link":"https:\/\/camperelfstedentocht.nl\/de\/erleben-sie-friesland-im-herbst-mit-der-camperelfstedentocht\/","title":{"rendered":"Erleben Sie Friesland im Herbst mit der Camperelfstedentocht"},"content":{"rendered":"<h1>Erleben Sie Friesland im Herbst mit dem Wohnmobil!<\/h1>\n<p>Der Herbst hat bereits Einzug gehalten und Friesland zeigt sich wieder in wundersch\u00f6nen Herbstfarben. Die Camperelfstedentocht bietet Ihnen die M\u00f6glichkeit, in Ihrem eigenen Tempo durch die bezaubernde friesische Landschaft zu reisen, vorbei an allen elf St\u00e4dten, die alle ihren eigenen Charme und einzigartige Herbstaktivit\u00e4ten haben. Lesen Sie weiter, um die neuesten Tipps, besondere Herbstveranstaltungen und versteckte Kleinode entlang der Route zu entdecken!  <\/p>\n<h2>Die Elfstedentocht, die das ganze Jahr \u00fcber geritten werden kann<\/h2>\n<p>Die Camperelfstedentocht ist unabh\u00e4ngig von der Jahreszeit ein gro\u00dfartiges Erlebnis. Ob Fr\u00fchling, Sommer, Herbst oder Winter, das spielt keine Rolle! Erkunden Sie die 11 charmanten St\u00e4dte Frieslands und genie\u00dfen Sie die sch\u00f6nen Landschaften, die Ihnen unterwegs begegnen. Warum also noch l\u00e4nger warten? Starten Sie Ihr Wohnmobil und lassen Sie das Abenteuer beginnen!    <\/p>\n<h2>\u00dcbernachtung auf den teilnehmenden Wohnmobilstellpl\u00e4tzen<\/h2>\n<div>\n<p>Die Camperelfstedentocht ist eine Initiative von 5 Wohnmobilstellpl\u00e4tzen und anderen angeschlossenen Unternehmen. Um diese Route weiterhin kostenlos anbieten zu k\u00f6nnen, bitten wir Sie, <strong>auf den teilnehmenden Wohnmobilstellpl\u00e4tzen zu \u00fcbernachten<\/strong>. Wenn Sie hier \u00fcbernachten, haben Sie nicht nur die Chance, tolle Preise zu gewinnen, sondern unterst\u00fctzen auch indirekt die <a href=\"https:\/\/camperelfstedentocht.nl\/goed-doel\/\" target=\"_blank\" rel=\"noopener\" data-cke-saved-href=\"https:\/\/camperelfstedentocht.nl\/goed-doel\/\">Maarten van der Weijden Stiftung<\/a>, da die teilnehmenden Wohnmobilstellpl\u00e4tze einen Teil ihrer Einnahmen spenden.  <\/p>\n<\/div>\n<div>\n<p>Die teilnehmenden Wohnmobilpl\u00e4tze sind<a href=\"https:\/\/www.camperplaatsleeuwarden.nl\/\" target=\"_blank\" rel=\"noopener\" data-cke-saved-href=\"https:\/\/www.camperplaatsleeuwarden.nl\/\">&#8218;Camperplaats Leeuwarden<\/a>&#8218; in Leeuwarden,<a href=\"https:\/\/www.dedomp.nl\/nl\/camping\" target=\"_blank\" rel=\"noopener\" data-cke-saved-href=\"https:\/\/www.dedomp.nl\/nl\/camping\">&#8218;Camping en Jachthaven de Domp<\/a>&#8218; in Sneek,<a href=\"https:\/\/www.marinastavoren.nl\/camping-sudermeer\/ruime-camperplaatsen\/\" target=\"_blank\" rel=\"noopener\" data-cke-saved-href=\"https:\/\/www.marinastavoren.nl\/camping-sudermeer\/ruime-camperplaatsen\/\">&#8218;Marina Stavoren Buitenhaven<\/a>&#8218; in Stavoren,<a href=\"https:\/\/suderse.nl\/\" target=\"_blank\" rel=\"noopener\" data-cke-saved-href=\"https:\/\/suderse.nl\/\">&#8218;Camping Suders\u00e9<\/a>&#8218; in Workum und<a href=\"https:\/\/zeehoeve.nl\/nl\/home-2\/\" target=\"_blank\" rel=\"noopener\" data-cke-saved-href=\"https:\/\/zeehoeve.nl\/nl\/home-2\/\">&#8218;Camping de Zeehoeve<\/a>&#8218; in Harlingen.  <em>Bitte beachten Sie, dass der Yachthafen Stavoren geschlossen ist und erst im April wieder ge\u00f6ffnet wird! Der Stempel ist im Hafenb\u00fcro oder am Camperplaats erh\u00e4ltlich.   <\/em><em>Leeuwarden.<\/em><\/p>\n<p><img decoding=\"async\" id=\"dijit__Templated_46\" class=\"mcnImage blockDropTarget\" src=\"https:\/\/mcusercontent.com\/2ece23acfe43fa3bc87731b3d\/images\/5acc1618-9dae-a69b-bbd0-bb51b9b62a4b.png\" alt=\"\" width=\"293.28000000000003\" align=\"center\"><\/p>\n<\/div>\n<h2>Monat der offenen Museen<\/h2>\n<p>Vom 4. November bis 3. Dezember \u00f6ffnen 19 Museen in Friesland ihre T\u00fcren. Mit einem Gutschein f\u00fcr den Monat der offenen Museen k\u00f6nnen Besucher ein Museum kostenlos besuchen. Dies ist die perfekte Gelegenheit, um Kunst, Kultur und Natur in Waterland und S\u00fcdostfriesland zu entdecken. Holen Sie sich Ihren Gutschein auf dem <a href=\"https:\/\/dedomp.nl\/nl\" target=\"_blank\" rel=\"noopener\" data-cke-saved-href=\"https:\/\/dedomp.nl\/nl\">Camping de Domp<\/a> in Sneek und holen Sie sich Ihren Stempel! Weitere Informationen <a href=\"https:\/\/www.waterlandvanfriesland.nl\/nl\/museum-friesland\" target=\"_blank\" rel=\"noopener\" data-cke-saved-href=\"https:\/\/www.waterlandvanfriesland.nl\/nl\/museum-friesland\">finden Sie hier<\/a>.   <\/p>\n<h2><a href=\"https:\/\/camperelfstedentocht.nl\/open-museum-maand\/omm-socials-v2-nieuwe-illustraties_01\/\" rel=\"attachment wp-att-8644\"><img decoding=\"async\" class=\"alignnone size-medium wp-image-8644\" src=\"https:\/\/camperelfstedentocht.nl\/wp-content\/uploads\/2023\/10\/OMM-socials-v2-nieuwe-illustraties_01-300x300.png\" alt=\"\" width=\"300\" height=\"300\" srcset=\"https:\/\/camperelfstedentocht.nl\/wp-content\/uploads\/2023\/10\/OMM-socials-v2-nieuwe-illustraties_01-300x300.png 300w, https:\/\/camperelfstedentocht.nl\/wp-content\/uploads\/2023\/10\/OMM-socials-v2-nieuwe-illustraties_01-1024x1024.png 1024w, https:\/\/camperelfstedentocht.nl\/wp-content\/uploads\/2023\/10\/OMM-socials-v2-nieuwe-illustraties_01-150x150.png 150w, https:\/\/camperelfstedentocht.nl\/wp-content\/uploads\/2023\/10\/OMM-socials-v2-nieuwe-illustraties_01-768x768.png 768w, https:\/\/camperelfstedentocht.nl\/wp-content\/uploads\/2023\/10\/OMM-socials-v2-nieuwe-illustraties_01.png 1200w\" sizes=\"(max-width: 300px) 100vw, 300px\" \/><\/a><br \/>\n<strong>Flirrender Herbst<\/strong><\/h2>\n<p>In diesem Herbst ist Leeuwarden voll von Kultur! Mit Ausstellungen, Festivals und Auff\u00fchrungen gibt es immer etwas f\u00fcr Nachtschw\u00e4rmer, Kulturliebhaber und Tr\u00e4umer &#8211; erleben Sie einen <em>rauschenden Herbst<\/em>! Erleben Sie eine F\u00fclle von Herbstfestivals und Veranstaltungen. Weitere Informationen zum Skittering Autumn <a href=\"https:\/\/www.friesland.nl\/nl\/plannen\/evenementen\/agenda\/1567006543\/skitterend-najaar\" target=\"_blank\" rel=\"noopener\" data-cke-saved-href=\"https:\/\/www.friesland.nl\/nl\/plannen\/evenementen\/agenda\/1567006543\/skitterend-najaar\">finden Sie hier<\/a>. <\/p>\n<h3><strong>Tageseinkauf in einer Stadt<\/strong><\/h3>\n<p>Ein Herbstspaziergang durch die friesischen St\u00e4dte ist die ideale Gelegenheit zum Einkaufen und Entdecken. Lassen Sie sich von stimmungsvollen kleinen Stra\u00dfen \u00fcberraschen, die voller einzigartiger Boutiquen und Kunsthandwerksl\u00e4den sind. Ob Sie nun durch das charmante <a href=\"https:\/\/www.waterlandvanfriesland.nl\/nl\/blogs\/winkelstad-sneek\" target=\"_blank\" rel=\"noopener\" data-cke-saved-href=\"https:\/\/www.waterlandvanfriesland.nl\/nl\/blogs\/winkelstad-sneek\">Sneek<\/a>, das historische <a href=\"https:\/\/www.waterlandvanfriesland.nl\/nl\/blogs\/9x-sfeervolle-winkels-in-bolsward\" target=\"_blank\" rel=\"noopener\" data-cke-saved-href=\"https:\/\/www.waterlandvanfriesland.nl\/nl\/blogs\/9x-sfeervolle-winkels-in-bolsward\">Bolsward<\/a>, das lebhafte <a href=\"https:\/\/www.visitleeuwarden.com\/nl\/doen\/winkelen\" target=\"_blank\" rel=\"noopener\" data-cke-saved-href=\"https:\/\/www.visitleeuwarden.com\/nl\/doen\/winkelen\">Leeuwarden<\/a> oder das malerische <a href=\"https:\/\/www.franeker.frl\/bezoeken\/winkels\/\" target=\"_blank\" rel=\"noopener\" data-cke-saved-href=\"https:\/\/www.franeker.frl\/bezoeken\/winkels\/\">Franeker<\/a> schlendern &#8211; jede Stadt hat ihren eigenen Charme und ihre versteckten Sch\u00e4tze.  <\/p>\n<h3><strong>F\u00e4hren im November<\/strong><\/h3>\n<p>Mit einer F\u00e4hre k\u00f6nnen Sie Ihre Fahrrad- oder Wanderroute \u00fcber die friesischen Wasserstra\u00dfen fortsetzen. <a href=\"https:\/\/www.waterlandvanfriesland.nl\/nl\/blogs\/pontjes-in-november-in-de-vaart\" target=\"_blank\" rel=\"noopener\" data-cke-saved-href=\"https:\/\/www.waterlandvanfriesland.nl\/nl\/blogs\/pontjes-in-november-in-de-vaart\">Sehen Sie sich<\/a> einige der F\u00e4hren an, die im November fahren. Rund um diese F\u00e4hren werden zahlreiche anregende Aktivit\u00e4ten organisiert. Kurzum, es gibt viele Gr\u00fcnde, im November eine F\u00e4hr\u00fcberfahrt zu unternehmen!   <\/p>\n<p>Suchen Sie nach weiteren Festivit\u00e4ten in Friesland? Entdecken Sie <a href=\"https:\/\/www.friesland.nl\/nl\/plannen\/evenementen\" target=\"_blank\" rel=\"noopener\">alle Aktivit\u00e4ten und Veranstaltungen in Friesland<\/a> und lassen Sie sich \u00fcberraschen, was diese Region alles zu bieten hat! <\/p>\n<h2><img decoding=\"async\" id=\"dijit__Templated_6\" class=\"mcnImage blockDropTarget\" src=\"https:\/\/mcusercontent.com\/2ece23acfe43fa3bc87731b3d\/images\/bee9753a-94d1-6c2a-8e04-7427dd9c68f6.png\" alt=\"\" width=\"264\"><\/h2>\n<p>Unesco-Welterbest\u00e4tten<\/p>\n<p>Friesland beherbergt nicht weniger als drei UNESCO-Welterbest\u00e4tten, die nicht nur von gro\u00dfer historischer und \u00f6kologischer Bedeutung sind, sondern auch wundersch\u00f6ne Orte, die man auch im Herbst besuchen kann.<\/p>\n<h3><strong>Das Woudaemaal  <\/strong><\/h3>\n<div>Das Woudagemaal in Lemmer ist das gr\u00f6\u00dfte in Betrieb befindliche Dampfpumpwerk der Welt, das im Jahr 2020 sein 100-j\u00e4hriges Bestehen feiert. Ein Besuch in diesem ikonischen Geb\u00e4ude wird Sie in die Vergangenheit zur\u00fcckversetzen, wenn Sie etwas \u00fcber den Kampf gegen das Wasser erfahren, den Friesland seit Jahrhunderten f\u00fchrt. Werden Sie uns besuchen? <a href=\"https:\/\/www.woudagemaal.nl\/\" target=\"_blank\" rel=\"noopener\" data-cke-saved-href=\"https:\/\/www.woudagemaal.nl\/\">Planen Sie Ihren Besuch hier<\/a>.  <\/div>\n<div><\/div>\n<h3><strong>Das Eise Eisinga Planetarium<\/strong><\/h3>\n<div>Entdecken Sie das <a href=\"https:\/\/www.eisinga-planetarium.nl\/\" target=\"_blank\" rel=\"noopener\" data-cke-saved-href=\"https:\/\/www.eisinga-planetarium.nl\/\">Eise Eisinga Planetarium<\/a> in Franeker. Das von Eise Eisinga im 18. Jahrhundert erbaute Planetarium ist das \u00e4lteste funktionierende Planetarium der Welt. Im Jahr 2023 wurde es wegen seines historischen und wissenschaftlichen Wertes in die Liste des UNESCO-Weltkulturerbes aufgenommen.  <\/div>\n<div><a href=\"https:\/\/camperelfstedentocht.nl\/nieuwsbrief-november\/planetarium-franeker\/\" rel=\"attachment wp-att-8312\"><img decoding=\"async\" class=\"alignnone size-medium wp-image-8312\" src=\"https:\/\/camperelfstedentocht.nl\/wp-content\/uploads\/2023\/11\/Planetarium-Franeker-300x200.jpg\" alt=\"Planetarium Franeker\" width=\"300\" height=\"200\" srcset=\"https:\/\/camperelfstedentocht.nl\/wp-content\/uploads\/2023\/11\/Planetarium-Franeker-300x200.jpg 300w, https:\/\/camperelfstedentocht.nl\/wp-content\/uploads\/2023\/11\/Planetarium-Franeker-1024x683.jpg 1024w, https:\/\/camperelfstedentocht.nl\/wp-content\/uploads\/2023\/11\/Planetarium-Franeker-768x512.jpg 768w, https:\/\/camperelfstedentocht.nl\/wp-content\/uploads\/2023\/11\/Planetarium-Franeker.jpg 1200w\" sizes=\"(max-width: 300px) 100vw, 300px\" \/><\/a><\/div>\n<h3><strong>Das Wattenmeer<\/strong><\/h3>\n<div>Das <a href=\"https:\/\/www.visitwadden.nl\/nl\/verhalen\/werelderfgoed\" target=\"_blank\" rel=\"noopener\" data-cke-saved-href=\"https:\/\/www.visitwadden.nl\/nl\/verhalen\/werelderfgoed\">Wattenmeer<\/a> ist das gr\u00f6\u00dfte zusammenh\u00e4ngende Gezeitengebiet der Welt. Im Herbst ist es ein ideales Reiseziel, mit ruhigen Wander- und Radwegen entlang der K\u00fcste und der M\u00f6glichkeit, Robben zu beobachten. Das Wattenmeer ist auch ein besonderes Erlebnis, bei dem Sie die Gegend auf eine einzigartige Weise erkunden k\u00f6nnen.  <\/div>\n<p>Egal, ob Sie Geschichte, Wissenschaft oder Natur lieben, die UNESCO-Welterbest\u00e4tten in Friesland bieten in diesem Herbst ein reichhaltiges Erlebnis, das Sie so schnell nicht vergessen werden!<\/p>\n<h3><strong>Anreicherung in Waterland of Friesland (S\u00fcdwestfriesland)<\/strong><\/h3>\n<p>Entfliehen Sie den Menschenmassen und machen Sie eine Weltraumreise durch Frieslands Wasserland. Erkunden Sie diese wundersch\u00f6ne Gegend zu Fu\u00df, mit dem Fahrrad oder auf dem Wasser. F\u00fchlen Sie sich \u00fcberall <em>&#8218;frij&#8216;<\/em> (frei), willkommen und genie\u00dfen Sie die Ruhe und Stille. Lassen Sie sich von der Kultur in authentischen St\u00e4dten oder gem\u00fctlichen Museen inspirieren. Waterland of Friesland bietet alles, was Sie brauchen, um Ihr perfektes Abenteuer zu planen: GPS-Koordinaten, Routen und einzigartige Erlebnisse. Sind Sie bereit daf\u00fcr? <a href=\"https:\/\/www.waterlandvanfriesland.nl\/nl\/ruimte\" target=\"_blank\" rel=\"noopener\" data-cke-saved-href=\"https:\/\/www.waterlandvanfriesland.nl\/nl\/ruimte\">Entdecken Sie hier 12 besondere Orte, an denen Sie Ihre Batterien wieder aufladen k\u00f6nnen.<\/a> Und begleiten Sie uns auch auf eine Weltraumreise mit der <a href=\"https:\/\/www.waterlandvanfriesland.nl\/nl\/ruimte\/podcasts\" target=\"_blank\" rel=\"noopener\" data-cke-saved-href=\"https:\/\/www.waterlandvanfriesland.nl\/nl\/ruimte\/podcasts\">Podcast-Serie<\/a> von Waterland of Friesland.     <\/p>\n<h3><strong>Vervollst\u00e4ndigen Sie Ihre Wohnmobil-Elf-St\u00e4dte-Tour mit unserem speziellen Elf-St\u00e4dte-Kreuz<\/strong><\/h3>\n<p>Nachdem Sie eine unvergessliche Wohnmobil-Elf-St\u00e4dte-Tour absolviert haben, gibt es nichts Sch\u00f6neres, als ein spezielles Wohnmobil-Elf-St\u00e4dte-Kreuz als bleibende Erinnerung an Ihre Leistung zu erhalten. Aufgrund zahlreicher Anfragen haben wir uns entschlossen, dieses besondere Kreuz in Form eines Schl\u00fcsselanh\u00e4ngers jetzt zum Kauf anzubieten. <\/p>\n<p>Erg\u00e4nzen Sie Ihre Sammlung mit diesem einzigartigen Erinnerungsst\u00fcck und bewahren Sie die Erinnerungen an Ihre abenteuerliche Erkundung von Friesland. <a href=\"https:\/\/camperelfstedentocht.nl\/de-camperelfstedentocht-sleutelhanger\/\" target=\"_blank\" rel=\"noopener\" data-cke-saved-href=\"https:\/\/camperelfstedentocht.nl\/de-camperelfstedentocht-sleutelhanger\/\">Sehen Sie hier f\u00fcr weitere Informationen<\/a>.<br \/>\n<a href=\"https:\/\/camperelfstedentocht.nl\/de-camperelfstedentocht-sleutelhanger\/img_1176-2\/\" rel=\"attachment wp-att-8537\"><img decoding=\"async\" class=\"alignnone size-medium wp-image-8537\" src=\"https:\/\/camperelfstedentocht.nl\/wp-content\/uploads\/2024\/04\/IMG_1176-1-225x300.jpg\" alt=\"Elfstedener Kreuz\" width=\"225\" height=\"300\" srcset=\"https:\/\/camperelfstedentocht.nl\/wp-content\/uploads\/2024\/04\/IMG_1176-1-225x300.jpg 225w, https:\/\/camperelfstedentocht.nl\/wp-content\/uploads\/2024\/04\/IMG_1176-1-768x1024.jpg 768w, https:\/\/camperelfstedentocht.nl\/wp-content\/uploads\/2024\/04\/IMG_1176-1-1152x1536.jpg 1152w, https:\/\/camperelfstedentocht.nl\/wp-content\/uploads\/2024\/04\/IMG_1176-1-1536x2048.jpg 1536w, https:\/\/camperelfstedentocht.nl\/wp-content\/uploads\/2024\/04\/IMG_1176-1-scaled.jpg 1920w\" sizes=\"(max-width: 225px) 100vw, 225px\" \/><\/a><\/p>\n<p>M\u00f6chten Sie immer auf dem Laufenden bleiben, was die neuesten Updates und lustigen Informationen angeht? Dann folgen Sie unserer <a href=\"https:\/\/www.facebook.com\/camperelfstedentocht\" target=\"_blank\" rel=\"noopener\">Facebook-Seite<\/a> und unserem <a href=\"https:\/\/instagram.com\/camperelfstedentocht\" target=\"_blank\" rel=\"noopener\">Instagram-Konto<\/a>! Entdecken Sie auch unseren <a href=\"https:\/\/open.spotify.com\/show\/0FhaNZiszlVGu0ud84M7KH\" target=\"_blank\" rel=\"noopener\">Camperelfstedentocht-Podcast<\/a>. Mit diesem Podcast entdecken Sie alle Hotspots und wissenswerten Fakten der Route von Leeuwarden nach Dokkum. Perfekt zum Anh\u00f6ren w\u00e4hrend Ihrer Wohnmobilreise!   <\/p>\n<p>&nbsp;<\/p>\n","protected":false},"excerpt":{"rendered":"<p>Erleben Sie Friesland im Herbst mit dem Wohnmobil! Der Herbst hat bereits Einzug gehalten und Friesland zeigt sich wieder in wundersch\u00f6nen Herbstfarben. Die Camperelfstedentocht bietet Ihnen die M\u00f6glichkeit, in Ihrem eigenen Tempo durch die bezaubernde friesische Landschaft zu reisen, vorbei an allen elf St\u00e4dten, die alle ihren eigenen Charme und einzigartige Herbstaktivit\u00e4ten haben. Lesen Sie [&hellip;]<\/p>\n","protected":false},"author":5,"featured_media":8503,"comment_status":"open","ping_status":"closed","sticky":false,"template":"","format":"standard","meta":{"footnotes":""},"categories":[18],"tags":[],"class_list":["post-8787","post","type-post","status-publish","format-standard","has-post-thumbnail","hentry","category-unkategorisiert"],"yoast_head":"<!-- This site is optimized with the Yoast SEO plugin v27.4 - https:\/\/yoast.com\/product\/yoast-seo-wordpress\/ -->\n<title>Erleben Sie Friesland im Herbst mit der Camperelfstedentocht - Camperelfstedentocht<\/title>\n<meta name=\"description\" content=\"Erleben Sie Friesland im Herbst mit dem Wohnmobil! Die Camperelfstedentocht bietet Ihnen die M\u00f6glichkeit, die bezaubernde Landschaft in Ihrem eigenen Tempo zu erkunden!\" \/>\n<meta name=\"robots\" content=\"noindex, follow\" \/>\n<meta property=\"og:locale\" content=\"de_DE\" \/>\n<meta property=\"og:type\" content=\"article\" \/>\n<meta property=\"og:title\" content=\"Erleben Sie Friesland im Herbst mit der Camperelfstedentocht - Camperelfstedentocht\" \/>\n<meta property=\"og:description\" content=\"Erleben Sie Friesland im Herbst mit dem Wohnmobil! Die Camperelfstedentocht bietet Ihnen die M\u00f6glichkeit, die bezaubernde Landschaft in Ihrem eigenen Tempo zu erkunden!\" \/>\n<meta property=\"og:url\" content=\"https:\/\/camperelfstedentocht.nl\/de\/erleben-sie-friesland-im-herbst-mit-der-camperelfstedentocht\/\" \/>\n<meta property=\"og:site_name\" content=\"Camperelfstedentocht\" \/>\n<meta property=\"article:published_time\" content=\"2025-03-11T07:37:19+00:00\" \/>\n<meta property=\"article:modified_time\" content=\"2025-03-12T07:46:57+00:00\" \/>\n<meta property=\"og:image\" content=\"https:\/\/camperelfstedentocht.nl\/wp-content\/uploads\/2024\/03\/WL-240321-043.jpg\" \/>\n\t<meta property=\"og:image:width\" content=\"2048\" \/>\n\t<meta property=\"og:image:height\" content=\"1365\" \/>\n\t<meta property=\"og:image:type\" content=\"image\/jpeg\" \/>\n<meta name=\"author\" content=\"info@camperplaatsleeuwarden.nl\" \/>\n<meta name=\"twitter:card\" content=\"summary_large_image\" \/>\n<meta name=\"twitter:label1\" content=\"Verfasst von\" \/>\n\t<meta name=\"twitter:data1\" content=\"info@camperplaatsleeuwarden.nl\" \/>\n\t<meta name=\"twitter:label2\" content=\"Gesch\u00e4tzte Lesezeit\" \/>\n\t<meta name=\"twitter:data2\" content=\"5\u00a0Minuten\" \/>\n<script type=\"application\/ld+json\" class=\"yoast-schema-graph\">{\"@context\":\"https:\\\/\\\/schema.org\",\"@graph\":[{\"@type\":\"Article\",\"@id\":\"https:\\\/\\\/camperelfstedentocht.nl\\\/de\\\/erleben-sie-friesland-im-herbst-mit-der-camperelfstedentocht\\\/#article\",\"isPartOf\":{\"@id\":\"https:\\\/\\\/camperelfstedentocht.nl\\\/de\\\/erleben-sie-friesland-im-herbst-mit-der-camperelfstedentocht\\\/\"},\"author\":{\"name\":\"info@camperplaatsleeuwarden.nl\",\"@id\":\"https:\\\/\\\/camperelfstedentocht.nl\\\/de\\\/#\\\/schema\\\/person\\\/e727e741cbb2a77e75618a7c214b8f47\"},\"headline\":\"Erleben Sie Friesland im Herbst mit der Camperelfstedentocht\",\"datePublished\":\"2025-03-11T07:37:19+00:00\",\"dateModified\":\"2025-03-12T07:46:57+00:00\",\"mainEntityOfPage\":{\"@id\":\"https:\\\/\\\/camperelfstedentocht.nl\\\/de\\\/erleben-sie-friesland-im-herbst-mit-der-camperelfstedentocht\\\/\"},\"wordCount\":1036,\"commentCount\":0,\"publisher\":{\"@id\":\"https:\\\/\\\/camperelfstedentocht.nl\\\/de\\\/#organization\"},\"image\":{\"@id\":\"https:\\\/\\\/camperelfstedentocht.nl\\\/de\\\/erleben-sie-friesland-im-herbst-mit-der-camperelfstedentocht\\\/#primaryimage\"},\"thumbnailUrl\":\"https:\\\/\\\/camperelfstedentocht.nl\\\/wp-content\\\/uploads\\\/2024\\\/03\\\/WL-240321-043.jpg\",\"articleSection\":[\"Unkategorisiert\"],\"inLanguage\":\"de\"},{\"@type\":\"WebPage\",\"@id\":\"https:\\\/\\\/camperelfstedentocht.nl\\\/de\\\/erleben-sie-friesland-im-herbst-mit-der-camperelfstedentocht\\\/\",\"url\":\"https:\\\/\\\/camperelfstedentocht.nl\\\/de\\\/erleben-sie-friesland-im-herbst-mit-der-camperelfstedentocht\\\/\",\"name\":\"Erleben Sie Friesland im Herbst mit der Camperelfstedentocht - Camperelfstedentocht\",\"isPartOf\":{\"@id\":\"https:\\\/\\\/camperelfstedentocht.nl\\\/de\\\/#website\"},\"primaryImageOfPage\":{\"@id\":\"https:\\\/\\\/camperelfstedentocht.nl\\\/de\\\/erleben-sie-friesland-im-herbst-mit-der-camperelfstedentocht\\\/#primaryimage\"},\"image\":{\"@id\":\"https:\\\/\\\/camperelfstedentocht.nl\\\/de\\\/erleben-sie-friesland-im-herbst-mit-der-camperelfstedentocht\\\/#primaryimage\"},\"thumbnailUrl\":\"https:\\\/\\\/camperelfstedentocht.nl\\\/wp-content\\\/uploads\\\/2024\\\/03\\\/WL-240321-043.jpg\",\"datePublished\":\"2025-03-11T07:37:19+00:00\",\"dateModified\":\"2025-03-12T07:46:57+00:00\",\"description\":\"Erleben Sie Friesland im Herbst mit dem Wohnmobil! Die Camperelfstedentocht bietet Ihnen die M\u00f6glichkeit, die bezaubernde Landschaft in Ihrem eigenen Tempo zu erkunden!\",\"breadcrumb\":{\"@id\":\"https:\\\/\\\/camperelfstedentocht.nl\\\/de\\\/erleben-sie-friesland-im-herbst-mit-der-camperelfstedentocht\\\/#breadcrumb\"},\"inLanguage\":\"de\",\"potentialAction\":[{\"@type\":\"ReadAction\",\"target\":[\"https:\\\/\\\/camperelfstedentocht.nl\\\/de\\\/erleben-sie-friesland-im-herbst-mit-der-camperelfstedentocht\\\/\"]}]},{\"@type\":\"ImageObject\",\"inLanguage\":\"de\",\"@id\":\"https:\\\/\\\/camperelfstedentocht.nl\\\/de\\\/erleben-sie-friesland-im-herbst-mit-der-camperelfstedentocht\\\/#primaryimage\",\"url\":\"https:\\\/\\\/camperelfstedentocht.nl\\\/wp-content\\\/uploads\\\/2024\\\/03\\\/WL-240321-043.jpg\",\"contentUrl\":\"https:\\\/\\\/camperelfstedentocht.nl\\\/wp-content\\\/uploads\\\/2024\\\/03\\\/WL-240321-043.jpg\",\"width\":2048,\"height\":1365,\"caption\":\"Willem Laros\"},{\"@type\":\"BreadcrumbList\",\"@id\":\"https:\\\/\\\/camperelfstedentocht.nl\\\/de\\\/erleben-sie-friesland-im-herbst-mit-der-camperelfstedentocht\\\/#breadcrumb\",\"itemListElement\":[{\"@type\":\"ListItem\",\"position\":1,\"name\":\"Home\",\"item\":\"https:\\\/\\\/camperelfstedentocht.nl\\\/de\\\/\"},{\"@type\":\"ListItem\",\"position\":2,\"name\":\"Erleben Sie Friesland im Herbst mit der Camperelfstedentocht\"}]},{\"@type\":\"WebSite\",\"@id\":\"https:\\\/\\\/camperelfstedentocht.nl\\\/de\\\/#website\",\"url\":\"https:\\\/\\\/camperelfstedentocht.nl\\\/de\\\/\",\"name\":\"Camperelfstedentocht\",\"description\":\"De tocht der tochten, gewoon met de camper!\",\"publisher\":{\"@id\":\"https:\\\/\\\/camperelfstedentocht.nl\\\/de\\\/#organization\"},\"potentialAction\":[{\"@type\":\"SearchAction\",\"target\":{\"@type\":\"EntryPoint\",\"urlTemplate\":\"https:\\\/\\\/camperelfstedentocht.nl\\\/de\\\/?s={search_term_string}\"},\"query-input\":{\"@type\":\"PropertyValueSpecification\",\"valueRequired\":true,\"valueName\":\"search_term_string\"}}],\"inLanguage\":\"de\"},{\"@type\":\"Organization\",\"@id\":\"https:\\\/\\\/camperelfstedentocht.nl\\\/de\\\/#organization\",\"name\":\"Camperelfstedentocht\",\"url\":\"https:\\\/\\\/camperelfstedentocht.nl\\\/de\\\/\",\"logo\":{\"@type\":\"ImageObject\",\"inLanguage\":\"de\",\"@id\":\"https:\\\/\\\/camperelfstedentocht.nl\\\/de\\\/#\\\/schema\\\/logo\\\/image\\\/\",\"url\":\"https:\\\/\\\/camperelfstedentocht.nl\\\/wp-content\\\/uploads\\\/2020\\\/10\\\/Logo-1.png\",\"contentUrl\":\"https:\\\/\\\/camperelfstedentocht.nl\\\/wp-content\\\/uploads\\\/2020\\\/10\\\/Logo-1.png\",\"width\":1418,\"height\":659,\"caption\":\"Camperelfstedentocht\"},\"image\":{\"@id\":\"https:\\\/\\\/camperelfstedentocht.nl\\\/de\\\/#\\\/schema\\\/logo\\\/image\\\/\"}},{\"@type\":\"Person\",\"@id\":\"https:\\\/\\\/camperelfstedentocht.nl\\\/de\\\/#\\\/schema\\\/person\\\/e727e741cbb2a77e75618a7c214b8f47\",\"name\":\"info@camperplaatsleeuwarden.nl\",\"image\":{\"@type\":\"ImageObject\",\"inLanguage\":\"de\",\"@id\":\"https:\\\/\\\/secure.gravatar.com\\\/avatar\\\/20871828449f5776ca04c72ef8309694b3741dcceb5a46fda91f9dcab0f8d6f3?s=96&d=mm&r=g\",\"url\":\"https:\\\/\\\/secure.gravatar.com\\\/avatar\\\/20871828449f5776ca04c72ef8309694b3741dcceb5a46fda91f9dcab0f8d6f3?s=96&d=mm&r=g\",\"contentUrl\":\"https:\\\/\\\/secure.gravatar.com\\\/avatar\\\/20871828449f5776ca04c72ef8309694b3741dcceb5a46fda91f9dcab0f8d6f3?s=96&d=mm&r=g\",\"caption\":\"info@camperplaatsleeuwarden.nl\"},\"url\":\"https:\\\/\\\/camperelfstedentocht.nl\\\/de\\\/author\\\/62f59f80ea6facc2\\\/\"}]}<\/script>\n<!-- \/ Yoast SEO plugin. -->","yoast_head_json":{"title":"Erleben Sie Friesland im Herbst mit der Camperelfstedentocht - Camperelfstedentocht","description":"Erleben Sie Friesland im Herbst mit dem Wohnmobil! Die Camperelfstedentocht bietet Ihnen die M\u00f6glichkeit, die bezaubernde Landschaft in Ihrem eigenen Tempo zu erkunden!","robots":{"index":"noindex","follow":"follow"},"og_locale":"de_DE","og_type":"article","og_title":"Erleben Sie Friesland im Herbst mit der Camperelfstedentocht - Camperelfstedentocht","og_description":"Erleben Sie Friesland im Herbst mit dem Wohnmobil! Die Camperelfstedentocht bietet Ihnen die M\u00f6glichkeit, die bezaubernde Landschaft in Ihrem eigenen Tempo zu erkunden!","og_url":"https:\/\/camperelfstedentocht.nl\/de\/erleben-sie-friesland-im-herbst-mit-der-camperelfstedentocht\/","og_site_name":"Camperelfstedentocht","article_published_time":"2025-03-11T07:37:19+00:00","article_modified_time":"2025-03-12T07:46:57+00:00","og_image":[{"width":2048,"height":1365,"url":"https:\/\/camperelfstedentocht.nl\/wp-content\/uploads\/2024\/03\/WL-240321-043.jpg","type":"image\/jpeg"}],"author":"info@camperplaatsleeuwarden.nl","twitter_card":"summary_large_image","twitter_misc":{"Verfasst von":"info@camperplaatsleeuwarden.nl","Gesch\u00e4tzte Lesezeit":"5\u00a0Minuten"},"schema":{"@context":"https:\/\/schema.org","@graph":[{"@type":"Article","@id":"https:\/\/camperelfstedentocht.nl\/de\/erleben-sie-friesland-im-herbst-mit-der-camperelfstedentocht\/#article","isPartOf":{"@id":"https:\/\/camperelfstedentocht.nl\/de\/erleben-sie-friesland-im-herbst-mit-der-camperelfstedentocht\/"},"author":{"name":"info@camperplaatsleeuwarden.nl","@id":"https:\/\/camperelfstedentocht.nl\/de\/#\/schema\/person\/e727e741cbb2a77e75618a7c214b8f47"},"headline":"Erleben Sie Friesland im Herbst mit der Camperelfstedentocht","datePublished":"2025-03-11T07:37:19+00:00","dateModified":"2025-03-12T07:46:57+00:00","mainEntityOfPage":{"@id":"https:\/\/camperelfstedentocht.nl\/de\/erleben-sie-friesland-im-herbst-mit-der-camperelfstedentocht\/"},"wordCount":1036,"commentCount":0,"publisher":{"@id":"https:\/\/camperelfstedentocht.nl\/de\/#organization"},"image":{"@id":"https:\/\/camperelfstedentocht.nl\/de\/erleben-sie-friesland-im-herbst-mit-der-camperelfstedentocht\/#primaryimage"},"thumbnailUrl":"https:\/\/camperelfstedentocht.nl\/wp-content\/uploads\/2024\/03\/WL-240321-043.jpg","articleSection":["Unkategorisiert"],"inLanguage":"de"},{"@type":"WebPage","@id":"https:\/\/camperelfstedentocht.nl\/de\/erleben-sie-friesland-im-herbst-mit-der-camperelfstedentocht\/","url":"https:\/\/camperelfstedentocht.nl\/de\/erleben-sie-friesland-im-herbst-mit-der-camperelfstedentocht\/","name":"Erleben Sie Friesland im Herbst mit der Camperelfstedentocht - Camperelfstedentocht","isPartOf":{"@id":"https:\/\/camperelfstedentocht.nl\/de\/#website"},"primaryImageOfPage":{"@id":"https:\/\/camperelfstedentocht.nl\/de\/erleben-sie-friesland-im-herbst-mit-der-camperelfstedentocht\/#primaryimage"},"image":{"@id":"https:\/\/camperelfstedentocht.nl\/de\/erleben-sie-friesland-im-herbst-mit-der-camperelfstedentocht\/#primaryimage"},"thumbnailUrl":"https:\/\/camperelfstedentocht.nl\/wp-content\/uploads\/2024\/03\/WL-240321-043.jpg","datePublished":"2025-03-11T07:37:19+00:00","dateModified":"2025-03-12T07:46:57+00:00","description":"Erleben Sie Friesland im Herbst mit dem Wohnmobil! Die Camperelfstedentocht bietet Ihnen die M\u00f6glichkeit, die bezaubernde Landschaft in Ihrem eigenen Tempo zu erkunden!","breadcrumb":{"@id":"https:\/\/camperelfstedentocht.nl\/de\/erleben-sie-friesland-im-herbst-mit-der-camperelfstedentocht\/#breadcrumb"},"inLanguage":"de","potentialAction":[{"@type":"ReadAction","target":["https:\/\/camperelfstedentocht.nl\/de\/erleben-sie-friesland-im-herbst-mit-der-camperelfstedentocht\/"]}]},{"@type":"ImageObject","inLanguage":"de","@id":"https:\/\/camperelfstedentocht.nl\/de\/erleben-sie-friesland-im-herbst-mit-der-camperelfstedentocht\/#primaryimage","url":"https:\/\/camperelfstedentocht.nl\/wp-content\/uploads\/2024\/03\/WL-240321-043.jpg","contentUrl":"https:\/\/camperelfstedentocht.nl\/wp-content\/uploads\/2024\/03\/WL-240321-043.jpg","width":2048,"height":1365,"caption":"Willem Laros"},{"@type":"BreadcrumbList","@id":"https:\/\/camperelfstedentocht.nl\/de\/erleben-sie-friesland-im-herbst-mit-der-camperelfstedentocht\/#breadcrumb","itemListElement":[{"@type":"ListItem","position":1,"name":"Home","item":"https:\/\/camperelfstedentocht.nl\/de\/"},{"@type":"ListItem","position":2,"name":"Erleben Sie Friesland im Herbst mit der Camperelfstedentocht"}]},{"@type":"WebSite","@id":"https:\/\/camperelfstedentocht.nl\/de\/#website","url":"https:\/\/camperelfstedentocht.nl\/de\/","name":"Camperelfstedentocht","description":"De tocht der tochten, gewoon met de camper!","publisher":{"@id":"https:\/\/camperelfstedentocht.nl\/de\/#organization"},"potentialAction":[{"@type":"SearchAction","target":{"@type":"EntryPoint","urlTemplate":"https:\/\/camperelfstedentocht.nl\/de\/?s={search_term_string}"},"query-input":{"@type":"PropertyValueSpecification","valueRequired":true,"valueName":"search_term_string"}}],"inLanguage":"de"},{"@type":"Organization","@id":"https:\/\/camperelfstedentocht.nl\/de\/#organization","name":"Camperelfstedentocht","url":"https:\/\/camperelfstedentocht.nl\/de\/","logo":{"@type":"ImageObject","inLanguage":"de","@id":"https:\/\/camperelfstedentocht.nl\/de\/#\/schema\/logo\/image\/","url":"https:\/\/camperelfstedentocht.nl\/wp-content\/uploads\/2020\/10\/Logo-1.png","contentUrl":"https:\/\/camperelfstedentocht.nl\/wp-content\/uploads\/2020\/10\/Logo-1.png","width":1418,"height":659,"caption":"Camperelfstedentocht"},"image":{"@id":"https:\/\/camperelfstedentocht.nl\/de\/#\/schema\/logo\/image\/"}},{"@type":"Person","@id":"https:\/\/camperelfstedentocht.nl\/de\/#\/schema\/person\/e727e741cbb2a77e75618a7c214b8f47","name":"info@camperplaatsleeuwarden.nl","image":{"@type":"ImageObject","inLanguage":"de","@id":"https:\/\/secure.gravatar.com\/avatar\/20871828449f5776ca04c72ef8309694b3741dcceb5a46fda91f9dcab0f8d6f3?s=96&d=mm&r=g","url":"https:\/\/secure.gravatar.com\/avatar\/20871828449f5776ca04c72ef8309694b3741dcceb5a46fda91f9dcab0f8d6f3?s=96&d=mm&r=g","contentUrl":"https:\/\/secure.gravatar.com\/avatar\/20871828449f5776ca04c72ef8309694b3741dcceb5a46fda91f9dcab0f8d6f3?s=96&d=mm&r=g","caption":"info@camperplaatsleeuwarden.nl"},"url":"https:\/\/camperelfstedentocht.nl\/de\/author\/62f59f80ea6facc2\/"}]}},"_links":{"self":[{"href":"https:\/\/camperelfstedentocht.nl\/de\/wp-json\/wp\/v2\/posts\/8787","targetHints":{"allow":["GET"]}}],"collection":[{"href":"https:\/\/camperelfstedentocht.nl\/de\/wp-json\/wp\/v2\/posts"}],"about":[{"href":"https:\/\/camperelfstedentocht.nl\/de\/wp-json\/wp\/v2\/types\/post"}],"author":[{"embeddable":true,"href":"https:\/\/camperelfstedentocht.nl\/de\/wp-json\/wp\/v2\/users\/5"}],"replies":[{"embeddable":true,"href":"https:\/\/camperelfstedentocht.nl\/de\/wp-json\/wp\/v2\/comments?post=8787"}],"version-history":[{"count":0,"href":"https:\/\/camperelfstedentocht.nl\/de\/wp-json\/wp\/v2\/posts\/8787\/revisions"}],"wp:featuredmedia":[{"embeddable":true,"href":"https:\/\/camperelfstedentocht.nl\/de\/wp-json\/wp\/v2\/media\/8503"}],"wp:attachment":[{"href":"https:\/\/camperelfstedentocht.nl\/de\/wp-json\/wp\/v2\/media?parent=8787"}],"wp:term":[{"taxonomy":"category","embeddable":true,"href":"https:\/\/camperelfstedentocht.nl\/de\/wp-json\/wp\/v2\/categories?post=8787"},{"taxonomy":"post_tag","embeddable":true,"href":"https:\/\/camperelfstedentocht.nl\/de\/wp-json\/wp\/v2\/tags?post=8787"}],"curies":[{"name":"wp","href":"https:\/\/api.w.org\/{rel}","templated":true}]}}